[{"@context":"https:\/\/schema.org\/","@type":"Article","@id":"https:\/\/www.benovic.sk\/preco-pochod-za-zivot\/#Article","mainEntityOfPage":"https:\/\/www.benovic.sk\/preco-pochod-za-zivot\/","headline":"Pre\u010do Pochod za \u017eivot?","name":"Pre\u010do Pochod za \u017eivot?","description":"Takto to m\u00f4\u017ee vn\u00edma\u0165 niekto, kto je silno liber\u00e1lny a posledn\u00fa akciu, ktor\u00fa nav\u0161t\u00edvil bola bu\u010f Pohoda v Tren\u010d\u00edne alebo LGBT pochod. Pre mnoh\u00fdch je \u0165a\u017ek\u00e9 rozhodn\u00fa\u0165 sa o bud\u00facnosti, ktorou p\u00f4jde, ak ide napr\u00edklad o v\u00fdber univerzity alebo povolania. Ma\u0165 v\u0161ak v ruk\u00e1ch osud e\u0161te nenaroden\u00e9ho \u010dloveka, plodu, ako sa z\u00e1stancovia sna\u017eia\u00a0 term\u00ednmi poprie\u0165 [&hellip;]","datePublished":"2020-01-17","dateModified":"2023-04-26","author":{"@type":"Person","@id":"https:\/\/www.benovic.sk\/author\/#Person","name":"","url":"https:\/\/www.benovic.sk\/author\/","identifier":1,"image":{"@type":"ImageObject","@id":"https:\/\/secure.gravatar.com\/avatar\/9bbe1b3bd68cf5b616cc697a459b86e3be4df6c120806baf939f8aad94b0a3d6?s=96&d=mm&r=g","url":"https:\/\/secure.gravatar.com\/avatar\/9bbe1b3bd68cf5b616cc697a459b86e3be4df6c120806baf939f8aad94b0a3d6?s=96&d=mm&r=g","height":96,"width":96}},"publisher":{"@type":"Organization","name":"benovic.sk","logo":{"@type":"ImageObject","@id":"\/logo.png","url":"\/logo.png","width":600,"height":60}},"image":{"@type":"ImageObject","@id":"https:\/\/www.benovic.sk\/wp-content\/uploads\/img_a307101_w16808_t1569850678.jpg","url":"https:\/\/www.benovic.sk\/wp-content\/uploads\/img_a307101_w16808_t1569850678.jpg","height":0,"width":0},"url":"https:\/\/www.benovic.sk\/preco-pochod-za-zivot\/","about":["Deti"],"wordCount":441,"articleBody":"Takto to m\u00f4\u017ee vn\u00edma\u0165 niekto, kto je silno liber\u00e1lny a posledn\u00fa akciu, ktor\u00fa nav\u0161t\u00edvil bola bu\u010f Pohoda v Tren\u010d\u00edne alebo LGBT pochod. Pre mnoh\u00fdch je \u0165a\u017ek\u00e9 rozhodn\u00fa\u0165 sa o bud\u00facnosti, ktorou p\u00f4jde, ak ide napr\u00edklad o v\u00fdber univerzity alebo povolania. Ma\u0165 v\u0161ak v ruk\u00e1ch osud e\u0161te nenaroden\u00e9ho \u010dloveka, plodu, ako sa z\u00e1stancovia sna\u017eia\u00a0 term\u00ednmi poprie\u0165 za\u010d\u00ednaj\u00faci \u017eivot, je nie\u010do, \u010do je nie len \u013eahk\u00e9, ale aj \u017eiad\u00face. Mu\u017ei, bezdetn\u00e9 \u017eeny a ml\u00e1de\u017e sa dennodenne neboj\u00ed vyjadri\u0165 svoj spar\u0165ansk\u00ed postoj na hoci\u010do a hocikoho.Existuje aj in\u00e1 skupina medzi na\u0161ou popul\u00e1ciou, a to t\u00ed, ktor\u00ed sa nesna\u017eia podporova\u0165 sebeckos\u0165 a pokrytectvo. Ve\u013ea sa z\u00fa\u010dastnilo na Pochode za \u017eivot, v ktorom ne\u0161lo iba o bezv\u00fdznamn\u00e9 hul\u00e1kania a predv\u00e1dzanie sa, ale o to podstatn\u00e9, \u010domu sa liber\u00e1li sna\u017eia vyhn\u00fa\u0165, o pravdu.Ak\u00e9 to tam bolo?Narozdiel od mnoh\u00fdch in\u00fdch zoskupen\u00ed, napr\u00edklad za Slu\u0161n\u00e9 Slovensko, tu i\u0161lo o nie\u010do v\u00e4\u010d\u0161ie ako vlastenectvo, ktor\u00e9 vie naozaj sp\u00e1ja\u0165 \u013eud\u00ed. Ob\u010dania pri\u0161li vyjadri\u0165 svoju podporu a n\u00e1zor, aby sa napr\u00edklad tak\u00e1 nepopul\u00e1rna t\u00e9ma ako potraty vymazala z na\u0161ich mo\u017enost\u00ed. Oslovovali nie len poslancov a prezidentku \u010caputov\u00fa, ale hlavne \u017eeny na v\u00e1\u017ekach, aby prehodnotili svoje rozhodnutie \u010di pochopili \u017ee jeden t\u00fd\u017ede\u0148 nem\u00f4\u017ee zmeni\u0165 plod na die\u0165a a ani naopak.Kto v\u0161etko pri\u0161iel?Na prekvapenie m\u00e9di\u00ed, akciu netvorili len star\u0161ie gener\u00e1cie na\u0161ich babi\u010diek a dedkov. Boli to pr\u00e1ve mlad\u00ed a ich po\u010det sa ka\u017edoro\u010dne zv\u00e4\u010d\u0161uje. Odhadovan\u00e1 \u00fa\u010das\u0165 bola okolo p\u00e4\u0165desiattis\u00edc, \u010do sa redaktori sna\u017eili zn\u00ed\u017ei\u0165 alebo \u00faplne zataji\u0165. Pravdou v\u0161ak ost\u00e1va, \u017ee ve\u013ea pri\u0161lo nie len pod vlajkou katolicizmu, ale hlavne zdrav\u00e9ho rozumu a pochopenia situ\u00e1cie. Nie len z\u00e1pad, ale aj v\u00fdchodn\u00e9 \u010di stredn\u00e9 Slovensko, zop\u00e1r cudzincov a je ka\u017ed\u00e9mu jasn\u00e9, \u017ee nenaroden\u00e9 deti miluj\u00fa\u00a0 Slov\u00e1ci neh\u013eadiac na mesiac tehotenstva.V\u0161etko je len o politikeTakto sa to sna\u017eia obr\u00e1ti\u0165 odporcovia, ktor\u00fdm do\u0161li argumenty. Nenechajme sa teda obalamuti\u0165 ignor\u00e1ciou a trendmi, ktor\u00e9 existuj\u00fa e\u0161te krat\u0161ie ako jesenn\u00e9 zmeny po\u010dasia. \u010ci sa u\u017e bude z\u00e1kon touto t\u00e9mou zaobera\u0165, je len aj tak iba na \u017een\u00e1ch a ich informovanosti, ako sa rozhodn\u00fa nalo\u017ei\u0165 s tak\u00fdmto darom, ak\u00fdm je die\u0165a.                                                                                                                                                                                                                                                                                                                                                                                                "},{"@context":"https:\/\/schema.org\/","@type":"BreadcrumbList","itemListElement":[{"@type":"ListItem","position":1,"name":"Pre\u010do Pochod za \u017eivot?","item":"https:\/\/www.benovic.sk\/preco-pochod-za-zivot\/#breadcrumbitem"}]}]