[{"@context":"https:\/\/schema.org\/","@type":"Article","@id":"https:\/\/www.benovic.sk\/maju-kravy-emocie\/#Article","mainEntityOfPage":"https:\/\/www.benovic.sk\/maju-kravy-emocie\/","headline":"Maj\u00fa kravy em\u00f3cie?","name":"Maj\u00fa kravy em\u00f3cie?","description":"\u201eRovnako ako \u013eudia, aj kravy reaguj\u00fa lep\u0161ie na osobn\u00fd dojem, tie\u017e sa c\u00edtia \u0161\u0165astnej\u0161ie a viac uvo\u013enen\u00e9, ak dostan\u00fa o nie\u010do viac individu\u00e1lnej pozornosti.\u201c Vysvet\u013euje doktorka Catherine Douglasov\u00e1, ktor\u00e1 pracuje na \u0160kole po\u013enohospod\u00e1rstva, potrav\u00edn a rozvoja vidieka. \u00a0 To, \u010do \u0161t\u00fadia ukazuje, je to, \u010do mnoh\u00ed dobr\u00ed, opatrn\u00ed po\u013enohospod\u00e1ri u\u017e d\u00e1vno vedeli. Pridan\u00edm v\u00e4\u010d\u0161ieho d\u00f4razu [&hellip;]","datePublished":"2017-12-23","dateModified":"2023-04-26","author":{"@type":"Person","@id":"https:\/\/www.benovic.sk\/author\/#Person","name":"","url":"https:\/\/www.benovic.sk\/author\/","identifier":1,"image":{"@type":"ImageObject","@id":"https:\/\/secure.gravatar.com\/avatar\/9bbe1b3bd68cf5b616cc697a459b86e3be4df6c120806baf939f8aad94b0a3d6?s=96&d=mm&r=g","url":"https:\/\/secure.gravatar.com\/avatar\/9bbe1b3bd68cf5b616cc697a459b86e3be4df6c120806baf939f8aad94b0a3d6?s=96&d=mm&r=g","height":96,"width":96}},"publisher":{"@type":"Organization","name":"benovic.sk","logo":{"@type":"ImageObject","@id":"\/logo.png","url":"\/logo.png","width":600,"height":60}},"image":{"@type":"ImageObject","@id":"https:\/\/www.benovic.sk\/wp-content\/uploads\/img_a285237_w16521_t1519408648.jpg","url":"https:\/\/www.benovic.sk\/wp-content\/uploads\/img_a285237_w16521_t1519408648.jpg","height":0,"width":0},"url":"https:\/\/www.benovic.sk\/maju-kravy-emocie\/","wordCount":358,"articleBody":"\u201eRovnako ako \u013eudia, aj kravy reaguj\u00fa lep\u0161ie na osobn\u00fd dojem, tie\u017e sa c\u00edtia \u0161\u0165astnej\u0161ie a viac uvo\u013enen\u00e9, ak dostan\u00fa o nie\u010do viac individu\u00e1lnej pozornosti.\u201c Vysvet\u013euje doktorka Catherine Douglasov\u00e1, ktor\u00e1 pracuje na \u0160kole po\u013enohospod\u00e1rstva, potrav\u00edn a rozvoja vidieka.\u00a0To, \u010do \u0161t\u00fadia ukazuje, je to, \u010do mnoh\u00ed dobr\u00ed, opatrn\u00ed po\u013enohospod\u00e1ri u\u017e d\u00e1vno vedeli. Pridan\u00edm v\u00e4\u010d\u0161ieho d\u00f4razu na individualitu, ako napr\u00edklad naz\u00fdvanie kravy jej vlastn\u00fdm menom alebo interakcia so zviera\u0165om, m\u00f4\u017eeme nielen zlep\u0161i\u0165 blaho zvierat a jeho vn\u00edmanie \u013eud\u00ed, ale tie\u017e zv\u00fd\u0161i\u0165 produkciu mlieka.\u00a0Mliekar Dennis Gibb hovor\u00ed, \u017ee ver\u00ed, \u017ee starostlivos\u0165 o\u00a0kravu ako o\u00a0jednotlivca je nesmierne d\u00f4le\u017eit\u00e9. \u201eNie s\u00fa len na\u0161e \u017eivobytie &#8211; s\u00fa s\u00fa\u010das\u0165ou rodiny. Tu v\u00a0Everywicku milujeme na\u0161e kravy tu a ka\u017ed\u00e1 z nich m\u00e1 svoje meno. Spolo\u010dne ich ozna\u010dujeme ako \u201ena\u0161e d\u00e1my\u201c, ale pozn\u00e1me ka\u017ed\u00fa z nich a ka\u017ed\u00e1 m\u00e1 svoju osobnos\u0165. \u201e\u00a0\u0160t\u00fadia sk\u00famala, ako postoje po\u013enohospod\u00e1rov k ich krav\u00e1m ovplyvnili produkciu mlieka. V\u00fdskumn\u00edci dopytovali 516 britsk\u00fdch v\u00fdrobcov mlie\u010dnych v\u00fdrobkov o tom, ako si myslia, \u017ee \u013eudia m\u00f4\u017eu ovplyvni\u0165 produktivitu, spr\u00e1vanie a dobr\u00e9 \u017eivotn\u00e9 podmienky dobytka.\u00a0Takmer polovica \u2013 46% &#8211; povedala, \u017ee kravy na ich farme boli naz\u00fdvan\u00e9 vlastn\u00fdm menom a t\u00ed mali o 258 litrov vy\u0161\u0161\u00ed v\u00fdnos mlieka ako t\u00ed, ktor\u00ed to neurobili. 66% po\u013enohospod\u00e1rov uviedlo, \u017ee poznali v\u0161etky kravy v st\u00e1de a\u00a048% s\u00fahlasilo s t\u00fdm, \u017ee pozit\u00edvny kontakt s \u013eu\u010fmi pravdepodobne prispieva k\u00a0lep\u0161ej produkcii mlieka. Takmer 10% uviedlo, \u017ee strach z \u013eud\u00ed m\u00e1 za n\u00e1sledok slab\u00fa produkciu mlieka.\u00a0Doktor Douglas dodal: \u201eNa\u0161e \u00fadaje nazna\u010duj\u00fa, \u017ee na v\u0161etci britsk\u00ed v\u00fdrobcovia mlie\u010dnych v\u00fdrobkov pova\u017euj\u00fa svoje kravy za inteligentn\u00e9 bytosti, ktor\u00e9 dok\u00e1\u017eu za\u017ei\u0165 cel\u00fd rad em\u00f3ci\u00ed.\u201c\u00a0Individu\u00e1lnym pr\u00edstupom a\u00a0volan\u00edm kr\u00e1v ich vlastn\u00fdmi menami m\u00f4\u017ee &#8211; bez \u010fal\u0161\u00edch n\u00e1kladov pre po\u013enohospod\u00e1ra &#8211; v\u00fdrazne zv\u00fd\u0161i\u0165 produkciu mlieka.                                                                                                                                                                                                                                                                                                                                                                                                "},{"@context":"https:\/\/schema.org\/","@type":"BreadcrumbList","itemListElement":[{"@type":"ListItem","position":1,"name":"Maj\u00fa kravy em\u00f3cie?","item":"https:\/\/www.benovic.sk\/maju-kravy-emocie\/#breadcrumbitem"}]}]